{"id":574,"date":"2018-12-08T13:27:29","date_gmt":"2018-12-08T16:27:29","guid":{"rendered":"https:\/\/mauricioalvez.com.ar\/?p=574"},"modified":"2024-12-26T09:56:37","modified_gmt":"2024-12-26T12:56:37","slug":"el-discurso-de-la-servidumbre-voluntaria-de-etienne-de-la-boetie","status":"publish","type":"post","link":"https:\/\/mauricioalvez.com.ar\/2018-2023\/2018\/12\/08\/el-discurso-de-la-servidumbre-voluntaria-de-etienne-de-la-boetie\/","title":{"rendered":"El discurso de la servidumbre voluntaria, de \u00c9tienne de La Bo\u00e9tie"},"content":{"rendered":"\r\n<p>(<a href=\"https:\/\/primeravocal.org\/el-discurso-de-la-servidumbre-voluntaria-de-etienne-de-la-boetie\/\">Primera Vocal<\/a>)\u00a0Presentamos un peque\u00f1o libro peculiar. Es lo suficientemente viejo como para no tratar la salud mental de manera, por as\u00ed decirlo, expl\u00edcita. Y en cuanto a sus relaciones con el concepto de revuelta que manejamos, sencillamente deber\u00edamos limitarnos a afirmar que es un texto fundacional. Uno de sus textos fundacionales. Si uno husmea en la historia buscando las ra\u00edces del pensamiento libertario, de la impetuosa necesidad de negar toda autoridad y reivindicar la libertad como esencia del ser humano, llega necesariamente a \u00c9tienne de La Bo\u00e9tie (1530-1563).<\/p>\r\n\r\n\r\n\r\n<blockquote class=\"wp-block-quote is-layout-flow wp-block-quote-is-layout-flow\">\r\n<p>Mirando lo que pasa en Francia resurge la pregunta: \u00bfpor qu\u00e9 algunos pueblo se levantan y otros no cuando los que gobiernan son una \u00ednfima minor\u00eda? Vale la pena releer &#8220;El discurso de la servidumbre voluntaria&#8221;<\/p>\r\n<cite><br \/><a href=\"http:\/\/@PedroBriegerOk\">Pedro Brieger<\/a>\u00a0<\/cite><\/blockquote>\r\n\r\n\r\n\r\n<p>Escribi\u00f3\u00a0<em>El discurso de la servidumbre voluntaria<\/em>\u00a0con 18 a\u00f1os. Su lectura tiene, como suele suceder con este tipo de escritos, al menos dos niveles de lectura. El primero es el que se queda en la cr\u00edtica al absolutismo escrita en pleno siglo XVI, un ensayo erudito plagado de referencias a la antig\u00fcedad que arremete contra la tiran\u00eda de su tiempo. El segundo es el que le otorga su car\u00e1cter intemporal, ya que al final habla del miedo y de ese concepto inconcebible que consiste en ser esclavo de manera voluntaria. El op\u00fasculo de La Bo\u00e9tie no busca vendernos nada, no esgrime su cr\u00edtica para presentarnos un nuevo y bondadoso sistema de gobierno, simplemente se limita a poner en la mesa la tensi\u00f3n existente en todo orden pol\u00edtico, en todo gobierno existente: por un lado la libertad del hombre, y por el otro su voluntad manifiesta de arrastrarse bajo los pies del amo.<\/p>\r\n\r\n\r\n\r\n<figure class=\"wp-block-image\"><img loading=\"lazy\" decoding=\"async\" width=\"567\" height=\"168\" class=\"wp-image-576\" src=\"http:\/\/mauricioalvez.com.ar\/wp-content\/uploads\/2018\/12\/etienne.png\" alt=\"\" srcset=\"https:\/\/mauricioalvez.com.ar\/2018-2023\/wp-content\/uploads\/2018\/12\/etienne.png 567w, https:\/\/mauricioalvez.com.ar\/2018-2023\/wp-content\/uploads\/2018\/12\/etienne-300x89.png 300w, https:\/\/mauricioalvez.com.ar\/2018-2023\/wp-content\/uploads\/2018\/12\/etienne-50x15.png 50w, https:\/\/mauricioalvez.com.ar\/2018-2023\/wp-content\/uploads\/2018\/12\/etienne-110x33.png 110w, https:\/\/mauricioalvez.com.ar\/2018-2023\/wp-content\/uploads\/2018\/12\/etienne-420x124.png 420w\" sizes=\"auto, (max-width: 567px) 100vw, 567px\" \/><\/figure>\r\n\r\n\r\n\r\n<p>\u00bfPor qu\u00e9 nos sometemos?, \u00bfde d\u00f3nde toma fuerza el miedo que nos hace amar nuestras cadenas?\u00a0 Para La Bo\u00e9tie queda claro que la servidumbre solo puede ser voluntaria cuando el tirano representa algo que colma los deseos de la sociedad (del pueblo, dir\u00eda \u00e9l) que somete. Bien, eliminemos de nuestra mente la idea de un rey absoluto que defiende ser hijo de los dioses, tomemos nuestro d\u00eda a d\u00eda y escuchemos lo que nos tiene que decir el librito de La Bo\u00e9tie<em>.\u00a0<\/em>Haced la prueba, estremecerse con unas palabras escritas hace m\u00e1s de 400 a\u00f1os merece la pena. Al fin y al cabo, \u00bfqu\u00e9 quiere la gente\u2026? \u00bfLa libertad?, \u00bfo lo que les promete la publicidad\u2026 lo poseen quienes est\u00e1n un poco m\u00e1s arriba en la pir\u00e1mide social\u2026 dominar a otros tal y como ellos mismos son dominados? En definitiva: \u00bfcu\u00e1les son y c\u00f3mo funcionan los misteriosos mecanismos que respaldan la servidumbre voluntaria? Y en nuestro caso\u2026 \u00bfqu\u00e9 tienen que ver con la salud mental?<\/p>\r\n\r\n\r\n\r\n<p>A esta \u00faltima pregunta podemos responder sin temor a equivocarnos: \u00a1TODO! Un esclavo no puede no ser neur\u00f3tico en un grado u otro. Vivir impregnados de miedo garantiza la ausencia de salud. Desde primeravocal.org y desde los textos que han sido firmados y editados por Psiquiatrizados en Lucha, siempre hemos tenido claro un \u00fanico principio: el grado de salud mental es proporcional al desarrollo de la autonom\u00eda. Autonom\u00eda y servidumbre antagonistas. No hay di\u00e1logo posible. Solo incendios. A cada cu\u00e1l le toca pensar d\u00f3nde acaba la represi\u00f3n pura y dura y comienza su sumisi\u00f3n, su delegaci\u00f3n en otros, y en definitiva, su cobard\u00eda. No estamos libres de culpa, pero seguimos tirando piedras\u2026<\/p>\r\n\r\n\r\n\r\n<p><a href=\"https:\/\/primeravocal.org\/wp-content\/uploads\/2013\/03\/Etienne-de-la-Boetie-Discurso-sobre-la-servidumbre-voluntaria.pdf\">Discurso sobre la servidumbre voluntaria_pdf<\/a><\/p>\r\n\r\n\r\n\r\n<p>Art\u00faculo original en\u00a0<a href=\"https:\/\/primeravocal.org\/el-discurso-de-la-servidumbre-voluntaria-de-etienne-de-la-boetie\/\">https:\/\/primeravocal.org\/el-discurso-de-la-servidumbre-voluntaria-de-etienne-de-la-boetie\/<\/a><\/p>\r\n\r\n\r\n\r\n<p>Sugerido:<\/p>\r\n\r\n\r\n\r\n<p>El\u00a0<a href=\"https:\/\/cnnespanol.cnn.com\/seccion\/mundo\/\" target=\"_blank\" rel=\"noreferrer noopener\">mundo<\/a>\u00a0mira at\u00f3nito c\u00f3mo una protesta que comenz\u00f3 por\u00a0<a href=\"https:\/\/cnnespanol.cnn.com\/tag\/facebook\/\" target=\"_blank\" rel=\"noreferrer noopener\">Facebook<\/a>\u00a0en Francia se ha convertido en una verdadera revuelta que ha obligado al presidente Emmanuel Macron a suspender el impuesto a los carburantes, que deb\u00eda aplicarse desde el 1 de enero de 2019 y que, hasta hace pocos d\u00edas, insist\u00eda en aplicar.\u00a0<a href=\"https:\/\/cnnespanol.cnn.com\/2018\/12\/07\/francia-en-su-laberinto-la-manifestaciones-de-francia-que-tienen-en-crisis-al-gobierno-macron\/\">Francia en su laberinto: la manifestaciones de Francia que tienen en crisis al gobierno Macro<\/a>n\u00a0\u00a0<\/p>\r\n","protected":false},"excerpt":{"rendered":"<p>(Primera Vocal)\u00a0Presentamos un peque\u00f1o libro peculiar. Es lo suficientemente viejo como para no tratar la salud mental de manera, por as\u00ed decirlo, expl\u00edcita. Y en cuanto a sus relaciones con el concepto de revuelta que manejamos, sencillamente deber\u00edamos limitarnos a afirmar que es un texto fundacional. Uno de sus textos fundacionales. Si uno husmea en [&hellip;]<\/p>\n","protected":false},"author":1,"featured_media":575,"comment_status":"closed","ping_status":"closed","sticky":true,"template":"","format":"standard","meta":{"footnotes":""},"categories":[9],"tags":[2],"class_list":["post-574","post","type-post","status-publish","format-standard","has-post-thumbnail","hentry","category-recomendadxs-amigxs","tag-mauricioalvez-com-ar"],"wppr_data":{"cwp_meta_box_check":"No"},"_links":{"self":[{"href":"https:\/\/mauricioalvez.com.ar\/2018-2023\/wp-json\/wp\/v2\/posts\/574","targetHints":{"allow":["GET"]}}],"collection":[{"href":"https:\/\/mauricioalvez.com.ar\/2018-2023\/wp-json\/wp\/v2\/posts"}],"about":[{"href":"https:\/\/mauricioalvez.com.ar\/2018-2023\/wp-json\/wp\/v2\/types\/post"}],"author":[{"embeddable":true,"href":"https:\/\/mauricioalvez.com.ar\/2018-2023\/wp-json\/wp\/v2\/users\/1"}],"replies":[{"embeddable":true,"href":"https:\/\/mauricioalvez.com.ar\/2018-2023\/wp-json\/wp\/v2\/comments?post=574"}],"version-history":[{"count":4,"href":"https:\/\/mauricioalvez.com.ar\/2018-2023\/wp-json\/wp\/v2\/posts\/574\/revisions"}],"predecessor-version":[{"id":2003,"href":"https:\/\/mauricioalvez.com.ar\/2018-2023\/wp-json\/wp\/v2\/posts\/574\/revisions\/2003"}],"wp:featuredmedia":[{"embeddable":true,"href":"https:\/\/mauricioalvez.com.ar\/2018-2023\/wp-json\/wp\/v2\/media\/575"}],"wp:attachment":[{"href":"https:\/\/mauricioalvez.com.ar\/2018-2023\/wp-json\/wp\/v2\/media?parent=574"}],"wp:term":[{"taxonomy":"category","embeddable":true,"href":"https:\/\/mauricioalvez.com.ar\/2018-2023\/wp-json\/wp\/v2\/categories?post=574"},{"taxonomy":"post_tag","embeddable":true,"href":"https:\/\/mauricioalvez.com.ar\/2018-2023\/wp-json\/wp\/v2\/tags?post=574"}],"curies":[{"name":"wp","href":"https:\/\/api.w.org\/{rel}","templated":true}]}}